{"id":393,"date":"2023-10-24T06:01:02","date_gmt":"2023-10-24T06:01:02","guid":{"rendered":"https:\/\/artisanscommercants.fr\/?p=393"},"modified":"2023-10-24T06:01:06","modified_gmt":"2023-10-24T06:01:06","slug":"jim-pasquet-le-cofondateur-du-pave-qui-transforme-les-dechets-plastiques-en-materiau-decoconstruction","status":"publish","type":"post","link":"https:\/\/artisanscommercants.fr\/index.php\/2023\/10\/24\/jim-pasquet-le-cofondateur-du-pave-qui-transforme-les-dechets-plastiques-en-materiau-decoconstruction\/","title":{"rendered":"Jim Pasquet, le cofondateur du Pav\u00e9 qui transforme les d\u00e9chets plastiques en mat\u00e9riau d&#8217;\u00e9coconstruction"},"content":{"rendered":"\n<p>Jim Pasquet est un jeune entrepreneur fran\u00e7ais qui a lanc\u00e9 en 2018, avec son ami d&#8217;enfance Marius Hamelot, <a href=\"https:\/\/www.francebleu.fr\/emissions\/la-nouvelle-eco-de-france-bleu-paris\/jo-2024-un-entrepreneur-d-aubervilliers-fabrique-des-sieges-de-gradins-en-plastique-recycle-8238760\" target=\"_blank\" rel=\"noopener\">une start-up innovante<\/a> nomm\u00e9e Le Pav\u00e9. Leur id\u00e9e : transformer les d\u00e9chets plastiques industriels en panneaux destin\u00e9s aux secteurs du b\u00e2timent et de l&#8217;ameublement. Leur produit, baptis\u00e9 Le Pav\u00e9, est un mat\u00e9riau 100% recyclable, sans r\u00e9sine, qui se pr\u00e9sente sous forme de plaques color\u00e9es et qui peut se travailler comme du bois.<\/p>\n\n\n\n<h2 class=\"wp-block-heading\">Un projet n\u00e9 d&#8217;une r\u00e9flexion sur le mat\u00e9riau du XXIe si\u00e8cle<\/h2>\n\n\n\n<p>Jim Pasquet a fait des \u00e9tudes de commerce \u00e0 l&#8217;ESCP Europe, tandis que Marius Hamelot a suivi une formation d&#8217;architecte \u00e0 l&#8217;Ecole d&#8217;architecture de Versailles. C&#8217;est lors de son master que Marius Hamelot s&#8217;est interrog\u00e9 sur le mat\u00e9riau du XXIe si\u00e8cle, en se demandant quelles \u00e9taient les nouvelles ressources locales disponibles. Il a alors r\u00e9alis\u00e9 que les d\u00e9chets \u00e9taient la premi\u00e8re mati\u00e8re produite par la ville. Il a donc imagin\u00e9 un proc\u00e9d\u00e9 de thermocompression permettant de transformer les d\u00e9chets plastiques de type PEHD (poly\u00e9thyl\u00e8ne haute densit\u00e9), comme des flacons de shampoing ou des bouchons de bouteille, en plaques solides et r\u00e9sistantes.<\/p>\n\n\n\n<p>Il a ensuite fait appel \u00e0 son ami Jim Pasquet pour l&#8217;aider \u00e0 d\u00e9velopper son projet et \u00e0 cr\u00e9er une entreprise. Les deux jeunes hommes ont fond\u00e9 Le Pav\u00e9 en 2018, avec l&#8217;ambition de proposer une solution \u00e9cologique et locale pour valoriser les d\u00e9chets plastiques et <a href=\"https:\/\/artisanscommercants.fr\/index.php\/2023\/10\/05\/wagram-voyages-et-selectour-un-partenariat-gagnant-pour-vos-voyages-daffaires\/\">r\u00e9duire l&#8217;empreinte carbone<\/a> du secteur de la construction.<\/p>\n\n\n\n<p>Voici une vid\u00e9o pr\u00e9sentant cet entrepreneur :<\/p>\n\n\n\n<figure class=\"wp-block-embed is-type-video is-provider-youtube wp-block-embed-youtube wp-embed-aspect-16-9 wp-has-aspect-ratio\"><div class=\"wp-block-embed__wrapper\">\n<iframe loading=\"lazy\" title=\"Le Pave\u0301 | Jim Pasquet\" width=\"1110\" height=\"624\" src=\"https:\/\/www.youtube.com\/embed\/tP1444RYt4g?feature=oembed\" frameborder=\"0\" allow=\"accelerometer; autoplay; clipboard-write; encrypted-media; gyroscope; picture-in-picture; web-share\" referrerpolicy=\"strict-origin-when-cross-origin\" allowfullscreen><\/iframe>\n<\/div><\/figure>\n\n\n\n<h2 class=\"wp-block-heading\">Une start-up qui a s\u00e9duit les acteurs des JO de Paris 2024<\/h2>\n\n\n\n<p>Le Pav\u00e9 a rapidement attir\u00e9 l&#8217;attention des acteurs du march\u00e9 du b\u00e2timent et de l&#8217;ameublement, s\u00e9duits par son aspect esth\u00e9tique, sa facilit\u00e9 d&#8217;utilisation et son impact environnemental positif. En effet, selon une analyse du cycle de vie r\u00e9alis\u00e9e par l&#8217;entreprise Evea, pour chaque tonne de plastique recycl\u00e9, Le Pav\u00e9 \u00e9vite l&#8217;\u00e9mission de 1,7 tonne de CO2.<\/p>\n\n\n\n<p>Le Pav\u00e9 a notamment remport\u00e9 une m\u00e9gacommande pour les Jeux Olympiques de Paris 2024. La start-up a \u00e9t\u00e9 choisie par le groupe Bouygues, retenu pour la construction du stade Arena et du centre aquatique olympique de Saint-Denis, pour fabriquer 11 000 si\u00e8ges en plastique recycl\u00e9 pour les gradins de ces deux infrastructures. Pour honorer cette commande, Le Pav\u00e9 a collect\u00e9 plus de 10 millions de bouchons en plastique aupr\u00e8s des habitants de Seine-Saint-Denis, avec l&#8217;aide de deux entreprises locales sp\u00e9cialis\u00e9es dans le tri des d\u00e9chets, Lemon Tri et Terravox. Le Pav\u00e9 a ainsi cr\u00e9\u00e9 un lien social avec le territoire et impliqu\u00e9 les citoyens dans une d\u00e9marche d&#8217;\u00e9conomie circulaire.<\/p>\n\n\n\n<figure class=\"wp-block-image size-large\"><img loading=\"lazy\" decoding=\"async\" width=\"1024\" height=\"683\" src=\"https:\/\/artisanscommercants.fr\/wp-content\/uploads\/2023\/10\/construction-durable-1-1024x683.jpeg\" alt=\"\" class=\"wp-image-394\" srcset=\"https:\/\/artisanscommercants.fr\/wp-content\/uploads\/2023\/10\/construction-durable-1-1024x683.jpeg 1024w, https:\/\/artisanscommercants.fr\/wp-content\/uploads\/2023\/10\/construction-durable-1-300x200.jpeg 300w, https:\/\/artisanscommercants.fr\/wp-content\/uploads\/2023\/10\/construction-durable-1-768x512.jpeg 768w, https:\/\/artisanscommercants.fr\/wp-content\/uploads\/2023\/10\/construction-durable-1-1536x1024.jpeg 1536w, https:\/\/artisanscommercants.fr\/wp-content\/uploads\/2023\/10\/construction-durable-1-272x182.jpeg 272w, https:\/\/artisanscommercants.fr\/wp-content\/uploads\/2023\/10\/construction-durable-1.jpeg 1920w\" sizes=\"auto, (max-width: 1024px) 100vw, 1024px\" \/><\/figure>\n\n\n\n<h2 class=\"wp-block-heading\">Un entrepreneur reconnu comme un leader positif<\/h2>\n\n\n\n<p>Jim Pasquet n&#8217;a pas seulement cr\u00e9\u00e9 une entreprise rentable et innovante, il a aussi contribu\u00e9 \u00e0 faire avancer la cause \u00e9cologique et sociale. Il a \u00e9t\u00e9 nomm\u00e9 dans le TOP 35 des &#8220;jeunes leaders positifs&#8221;, un classement r\u00e9alis\u00e9 par l&#8217;ONG Positive Planet et Les Echos, qui r\u00e9compense les jeunes entrepreneurs qui placent l&#8217;impact au c\u0153ur de leur activit\u00e9. Jim Pasquet a \u00e9t\u00e9 class\u00e9 troisi\u00e8me du palmar\u00e8s, derri\u00e8re la militante \u00e9cologiste Greta Thunberg et le fondateur du r\u00e9seau social TikTok Zhang Yiming.<\/p>\n\n\n\n<p>Jim Pasquet est un exemple inspirant pour tous ceux qui veulent entreprendre avec sens et responsabilit\u00e9. Il montre qu&#8217;il est possible de cr\u00e9er un produit \u00e0 la fois beau, utile et respectueux de l&#8217;environnement, tout en cr\u00e9ant de la valeur \u00e9conomique et sociale.<\/p>\n","protected":false},"excerpt":{"rendered":"<p>Jim Pasquet est un jeune entrepreneur fran\u00e7ais qui a lanc\u00e9 en 2018, avec son ami d&#8217;enfance Marius Hamelot, une start-up innovante nomm\u00e9e Le Pav\u00e9. Leur id\u00e9e : transformer les d\u00e9chets&hellip; <\/p>\n","protected":false},"author":3,"featured_media":396,"comment_status":"closed","ping_status":"closed","sticky":false,"template":"","format":"standard","meta":{"footnotes":""},"categories":[13],"tags":[],"class_list":["post-393","post","type-post","status-publish","format-standard","has-post-thumbnail","hentry","category-entreprise"],"_links":{"self":[{"href":"https:\/\/artisanscommercants.fr\/index.php\/wp-json\/wp\/v2\/posts\/393","targetHints":{"allow":["GET"]}}],"collection":[{"href":"https:\/\/artisanscommercants.fr\/index.php\/wp-json\/wp\/v2\/posts"}],"about":[{"href":"https:\/\/artisanscommercants.fr\/index.php\/wp-json\/wp\/v2\/types\/post"}],"author":[{"embeddable":true,"href":"https:\/\/artisanscommercants.fr\/index.php\/wp-json\/wp\/v2\/users\/3"}],"replies":[{"embeddable":true,"href":"https:\/\/artisanscommercants.fr\/index.php\/wp-json\/wp\/v2\/comments?post=393"}],"version-history":[{"count":1,"href":"https:\/\/artisanscommercants.fr\/index.php\/wp-json\/wp\/v2\/posts\/393\/revisions"}],"predecessor-version":[{"id":397,"href":"https:\/\/artisanscommercants.fr\/index.php\/wp-json\/wp\/v2\/posts\/393\/revisions\/397"}],"wp:featuredmedia":[{"embeddable":true,"href":"https:\/\/artisanscommercants.fr\/index.php\/wp-json\/wp\/v2\/media\/396"}],"wp:attachment":[{"href":"https:\/\/artisanscommercants.fr\/index.php\/wp-json\/wp\/v2\/media?parent=393"}],"wp:term":[{"taxonomy":"category","embeddable":true,"href":"https:\/\/artisanscommercants.fr\/index.php\/wp-json\/wp\/v2\/categories?post=393"},{"taxonomy":"post_tag","embeddable":true,"href":"https:\/\/artisanscommercants.fr\/index.php\/wp-json\/wp\/v2\/tags?post=393"}],"curies":[{"name":"wp","href":"https:\/\/api.w.org\/{rel}","templated":true}]}}