{"id":390,"date":"2023-10-09T10:12:22","date_gmt":"2023-10-09T10:12:22","guid":{"rendered":"https:\/\/artisanscommercants.fr\/?p=390"},"modified":"2023-10-10T10:19:37","modified_gmt":"2023-10-10T10:19:37","slug":"william-edel-le-visionnaire-du-voyage-daffaires","status":"publish","type":"post","link":"https:\/\/artisanscommercants.fr\/index.php\/2023\/10\/09\/william-edel-le-visionnaire-du-voyage-daffaires\/","title":{"rendered":"William Edel\u00a0: Le Visionnaire du Voyage d&#8217;Affaires"},"content":{"rendered":"\n<p>William Edel, PDG de Wagram & Vous et Wagram Voyages, a fa\u00e7onn\u00e9 le monde du voyage d\u2019affaires et de l\u2019\u00e9v\u00e9nementiel gr\u00e2ce \u00e0 sa vision unique et \u00e0 son engagement sans faille. D\u00e9couvrez comment son parcours extraordinaire l\u2019a men\u00e9 vers le sommet.<\/p>\n\n\n\n<h2 class=\"wp-block-heading\">Des D\u00e9buts Singuliers<\/h2>\n\n\n\n<p>William Edel a choisi une voie inhabituelle pour r\u00e9ussir. Apr\u00e8s avoir \u00e9tudi\u00e9 le droit et les sciences politiques, il a plong\u00e9 dans l\u2019entrepreneuriat en cr\u00e9ant Wagram Energie \u00e0 l\u2019\u00e2ge de 23 ans, une entreprise sp\u00e9cialis\u00e9e dans la distribution de produits p\u00e9troliers. Explorez ses d\u00e9buts et sa mont\u00e9e fulgurante gr\u00e2ce \u00e0 son sens aigu des relations, sa capacit\u00e9 d\u2019adaptation et sa vision strat\u00e9gique.<\/p>\n\n\n\n<h2 class=\"wp-block-heading\">Le voyage, au c\u0153ur de son m\u00e9tier<\/h2>\n\n\n\n<p>En 2014, William Edel a \u00e9largi ses horizons en prenant les r\u00eanes de Wagram Voyages, une agence de voyage d\u2019affaires fond\u00e9e en 1979 par son p\u00e8re, Georges Edel. En tant que PDG, il a cherch\u00e9 \u00e0 maximiser les synergies entre ses deux entreprises pour offrir \u00e0 ses clients une gamme de voyages compl\u00e8te. D\u00e9couvrez comment il a mis en place une approche ax\u00e9e sur l\u2019innovation technologique pour r\u00e9pondre aux besoins \u00e9volutifs du secteur du voyage d\u2019affaires.<\/p>\n\n\n\n<h2 class=\"wp-block-heading\">L\u2019\u00e9v\u00e9nementiel, une v\u00e9ritable passion<\/h2>\n\n\n\n<p>En 2017, William Edel a franchi une \u00e9tape d\u00e9cisive en devenant le directeur g\u00e9n\u00e9ral de Wagram & Vous, une agence sp\u00e9cialis\u00e9e dans le tourisme d\u2019affaires, les congr\u00e8s et l\u2019\u00e9v\u00e9nementiel. Explorez son r\u00f4le dans le renforcement de sa position sur le march\u00e9 de l\u2019\u00e9v\u00e9nementiel en proposant des solutions sur mesure pour cr\u00e9er des \u00e9v\u00e9nements inoubliables.<\/p>\n\n\n\n<h2 class=\"wp-block-heading\">Un entrepreneur qui se soucie du bien-\u00eatre de ses salari\u00e9s<\/h2>\n\n\n\n<p>Mais William Edel n\u2019est pas seulement un entrepreneur prosp\u00e8re. Il incarne \u00e9galement des valeurs humanistes profondes, mettant l\u2019accent sur le respect, la solidarit\u00e9 et la responsabilit\u00e9 sociale. D\u00e9couvrez comment il s\u2019implique activement dans des \u0153uvres caritatives et promeut le d\u00e9veloppement durable \u00e0 travers ses voyages et \u00e9v\u00e9nements \u00e9co-responsables.<\/p>\n\n\n\n<h2 class=\"wp-block-heading\">Un professionnel en faveur du d\u00e9veloppement personnel en entreprise<\/h2>\n\n\n\n<p>William Edel a r\u00e9ussi \u00e0 instaurer une culture d\u2019entreprise solide au sein de ses agences. D\u00e9couvrez comment il favorise la proximit\u00e9, la confiance et la bienveillance entre ses collaborateurs, les encourageant \u00e0 \u00eatre cr\u00e9atifs, r\u00e9actifs et \u00e0 se d\u00e9passer. Il les forme r\u00e9guli\u00e8rement aux derni\u00e8res tendances et aux nouvelles technologies du secteur, les impliquant activement dans les d\u00e9cisions strat\u00e9giques et les r\u00e9compensant pour leurs performances exceptionnelles.<\/p>\n\n\n\n<h2 class=\"wp-block-heading\">Les projets futurs de William Edel<\/h2>\n\n\n\n<p>L\u2019avenir de William Edel est prometteur. Avec de nombreux projets et d\u00e9fis \u00e0 relever, il aspire \u00e0 continuer \u00e0 d\u00e9velopper ses agences, \u00e0 <a href=\"https:\/\/artisanscommercants.fr\/index.php\/2023\/10\/05\/comment-ameliorer-la-qualite-de-vie-et-des-conditions-de-travail-en-2023-les-conseils-de-william-edel\/\">renforcer leur notori\u00e9t\u00e9<\/a>, leur expertise et leur comp\u00e9titivit\u00e9. Son ambition est de conqu\u00e9rir de nouveaux march\u00e9s, tant en France qu\u2019\u00e0 l\u2019international, tout en anticipant les \u00e9volutions du secteur du voyage et de l\u2019\u00e9v\u00e9nementiel en proposant des offres toujours plus innovantes et personnalis\u00e9es pour r\u00e9pondre aux besoins de ses clients.<\/p>\n","protected":false},"excerpt":{"rendered":"<p>William Edel, PDG de Wagram &#038; Vous et Wagram Voyages, a fa\u00e7onn\u00e9 le monde du voyage d\u2019affaires et de l\u2019\u00e9v\u00e9nementiel gr\u00e2ce \u00e0 sa vision unique et \u00e0 son engagement sans&hellip; <\/p>\n","protected":false},"author":3,"featured_media":391,"comment_status":"closed","ping_status":"closed","sticky":false,"template":"","format":"standard","meta":{"footnotes":""},"categories":[13],"tags":[],"class_list":["post-390","post","type-post","status-publish","format-standard","has-post-thumbnail","hentry","category-entreprise"],"_links":{"self":[{"href":"https:\/\/artisanscommercants.fr\/index.php\/wp-json\/wp\/v2\/posts\/390","targetHints":{"allow":["GET"]}}],"collection":[{"href":"https:\/\/artisanscommercants.fr\/index.php\/wp-json\/wp\/v2\/posts"}],"about":[{"href":"https:\/\/artisanscommercants.fr\/index.php\/wp-json\/wp\/v2\/types\/post"}],"author":[{"embeddable":true,"href":"https:\/\/artisanscommercants.fr\/index.php\/wp-json\/wp\/v2\/users\/3"}],"replies":[{"embeddable":true,"href":"https:\/\/artisanscommercants.fr\/index.php\/wp-json\/wp\/v2\/comments?post=390"}],"version-history":[{"count":1,"href":"https:\/\/artisanscommercants.fr\/index.php\/wp-json\/wp\/v2\/posts\/390\/revisions"}],"predecessor-version":[{"id":392,"href":"https:\/\/artisanscommercants.fr\/index.php\/wp-json\/wp\/v2\/posts\/390\/revisions\/392"}],"wp:featuredmedia":[{"embeddable":true,"href":"https:\/\/artisanscommercants.fr\/index.php\/wp-json\/wp\/v2\/media\/391"}],"wp:attachment":[{"href":"https:\/\/artisanscommercants.fr\/index.php\/wp-json\/wp\/v2\/media?parent=390"}],"wp:term":[{"taxonomy":"category","embeddable":true,"href":"https:\/\/artisanscommercants.fr\/index.php\/wp-json\/wp\/v2\/categories?post=390"},{"taxonomy":"post_tag","embeddable":true,"href":"https:\/\/artisanscommercants.fr\/index.php\/wp-json\/wp\/v2\/tags?post=390"}],"curies":[{"name":"wp","href":"https:\/\/api.w.org\/{rel}","templated":true}]}}